{"id":2011,"date":"2025-08-04T10:53:13","date_gmt":"2025-08-04T10:53:13","guid":{"rendered":"https:\/\/otaharin.org\/?p=2011"},"modified":"2025-08-04T10:53:13","modified_gmt":"2025-08-04T10:53:13","slug":"regionalna-saradnja-za-inkluziju-roma-jacanje-veza-sirom-zapadnog-balkana","status":"publish","type":"post","link":"https:\/\/otaharin.org\/?p=2011","title":{"rendered":"Regionalna saradnja za inkluziju Roma \u2013 Ja\u010danje veza \u0161irom Zapadnog Balkana"},"content":{"rendered":"<p>Od 19. do 21. juna 2025. godine, Udru\u017eenje\u00a0<em>Centar za integrativnu inkluziju Roma i Romkinja &#8220;Otaharin&#8221;<\/em>\u00a0u\u010destvovalo je u regionalnoj studijskoj posjeti organizaciji\u00a0<em>&#8220;Glas Roma, A\u0161kalija i Egip\u0107ana (VoRAE)&#8221;<\/em>\u00a0sa Kosova. Ova zna\u010dajna inicijativa okupila je romske i pro-romske organizacije civilnog dru\u0161tva iz Srbije, Bosne i Hercegovine, Albanije i Sjeverne Makedonije s ciljem ja\u010danja regionalne saradnje i zajedni\u010dkog djelovanja u pravcu ve\u0107e socijalne uklju\u010denosti romske zajednice.<\/p>\n<p>Tokom trodnevne posjete, u\u010desnici su imali priliku da razmijene primjere dobre prakse, identifikuju izazove s kojima se svakodnevno suo\u010davaju i osmisle zajedni\u010dke pravce djelovanja. Poseban fokus stavljen je na teme zapo\u0161ljavanja mladih, osna\u017eivanja \u017eena, unapre\u0111enja pristupa obrazovanju i borbe protiv institucionalne i dru\u0161tvene diskriminacije Roma.<\/p>\n<p>Inspirativne diskusije i razmjena iskustava dodatno su osna\u017eile partnerske veze me\u0111u organizacijama, ali i potvrdile zajedni\u010dku posve\u0107enost stvaranju jednakih mogu\u0107nosti za sve pripadnike romske zajednice u regionu.<\/p>\n<p>Zahvaljujemo se doma\u0107inu posjete, gospodinu Isaku Skenderiju, direktoru organizacije\u00a0<em>VoRAE<\/em>, na toploj dobrodo\u0161lici i izuzetnoj organizaciji, kao i na\u0161im dugogodi\u0161njim partnerima iz organizacija\u00a0<em>Roma Active Albania<\/em>,\u00a0<em>Forum Roma Srbije<\/em>\u00a0i\u00a0<em>Regionalnog udru\u017eenja romske obrazovne omladine iz Sjeverne Makedonije<\/em>.<\/p>\n<p>Posjeta je okon\u010dana simboli\u010dnim, ali sna\u017enim \u010dinom \u2013 potpisivanjem zajedni\u010dke obaveze o nastavku prekograni\u010dne saradnje. Time smo jo\u0161 jednom potvrdili svoju predanost izgradnji pravednijeg, inkluzivnijeg i ravnopravnijeg dru\u0161tva za romske zajednice \u0161irom Zapadnog Balkana.<\/p>\n<p>&nbsp;<\/p>\n<p><img loading=\"lazy\" decoding=\"async\" class=\"alignnone size-medium wp-image-2013\" src=\"https:\/\/otaharin.org\/wp-content\/uploads\/2025\/08\/2-300x300.jpg\" alt=\"\" width=\"300\" height=\"300\" srcset=\"https:\/\/otaharin.org\/wp-content\/uploads\/2025\/08\/2-300x300.jpg 300w, https:\/\/otaharin.org\/wp-content\/uploads\/2025\/08\/2-1024x1024.jpg 1024w, https:\/\/otaharin.org\/wp-content\/uploads\/2025\/08\/2-150x150.jpg 150w, https:\/\/otaharin.org\/wp-content\/uploads\/2025\/08\/2-768x768.jpg 768w\" sizes=\"auto, (max-width: 300px) 100vw, 300px\" \/> <img loading=\"lazy\" decoding=\"async\" class=\"alignnone size-medium wp-image-2014\" src=\"https:\/\/otaharin.org\/wp-content\/uploads\/2025\/08\/3-300x300.jpg\" alt=\"\" width=\"300\" height=\"300\" srcset=\"https:\/\/otaharin.org\/wp-content\/uploads\/2025\/08\/3-300x300.jpg 300w, https:\/\/otaharin.org\/wp-content\/uploads\/2025\/08\/3-1024x1024.jpg 1024w, https:\/\/otaharin.org\/wp-content\/uploads\/2025\/08\/3-150x150.jpg 150w, https:\/\/otaharin.org\/wp-content\/uploads\/2025\/08\/3-768x768.jpg 768w\" sizes=\"auto, (max-width: 300px) 100vw, 300px\" \/><\/p>\n","protected":false},"excerpt":{"rendered":"<p>Od 19. do 21. juna 2025. godine, Udru\u017eenje\u00a0Centar za integrativnu inkluziju Roma i Romkinja &#8220;Otaharin&#8221;\u00a0u\u010destvovalo je u regionalnoj studijskoj posjeti organizaciji\u00a0&#8220;Glas Roma, A\u0161kalija i Egip\u0107ana (VoRAE)&#8221;\u00a0sa Kosova. Ova zna\u010dajna inicijativa okupila je romske i pro-romske organizacije civilnog dru\u0161tva iz Srbije, Bosne i Hercegovine, Albanije i Sjeverne Makedonije s ciljem ja\u010danja regionalne saradnje i zajedni\u010dkog djelovanja [&hellip;]<\/p>\n","protected":false},"author":1,"featured_media":2012,"comment_status":"open","ping_status":"open","sticky":false,"template":"","format":"standard","meta":{"footnotes":""},"categories":[1],"tags":[],"class_list":["post-2011","post","type-post","status-publish","format-standard","has-post-thumbnail","hentry","category-uncategorized"],"_links":{"self":[{"href":"https:\/\/otaharin.org\/index.php?rest_route=\/wp\/v2\/posts\/2011","targetHints":{"allow":["GET"]}}],"collection":[{"href":"https:\/\/otaharin.org\/index.php?rest_route=\/wp\/v2\/posts"}],"about":[{"href":"https:\/\/otaharin.org\/index.php?rest_route=\/wp\/v2\/types\/post"}],"author":[{"embeddable":true,"href":"https:\/\/otaharin.org\/index.php?rest_route=\/wp\/v2\/users\/1"}],"replies":[{"embeddable":true,"href":"https:\/\/otaharin.org\/index.php?rest_route=%2Fwp%2Fv2%2Fcomments&post=2011"}],"version-history":[{"count":1,"href":"https:\/\/otaharin.org\/index.php?rest_route=\/wp\/v2\/posts\/2011\/revisions"}],"predecessor-version":[{"id":2015,"href":"https:\/\/otaharin.org\/index.php?rest_route=\/wp\/v2\/posts\/2011\/revisions\/2015"}],"wp:featuredmedia":[{"embeddable":true,"href":"https:\/\/otaharin.org\/index.php?rest_route=\/wp\/v2\/media\/2012"}],"wp:attachment":[{"href":"https:\/\/otaharin.org\/index.php?rest_route=%2Fwp%2Fv2%2Fmedia&parent=2011"}],"wp:term":[{"taxonomy":"category","embeddable":true,"href":"https:\/\/otaharin.org\/index.php?rest_route=%2Fwp%2Fv2%2Fcategories&post=2011"},{"taxonomy":"post_tag","embeddable":true,"href":"https:\/\/otaharin.org\/index.php?rest_route=%2Fwp%2Fv2%2Ftags&post=2011"}],"curies":[{"name":"wp","href":"https:\/\/api.w.org\/{rel}","templated":true}]}}